{"id":1501,"date":"2020-04-11T23:30:43","date_gmt":"2020-04-11T22:30:43","guid":{"rendered":"https:\/\/www.sindikat-osoks90.si\/?p=1501"},"modified":"2020-04-20T20:34:42","modified_gmt":"2020-04-20T18:34:42","slug":"30-letnica-obalne-sindikalne-organizacije-ks-90","status":"publish","type":"post","link":"https:\/\/www.sindikat-osoks90.si\/?p=1501","title":{"rendered":"30-letnica Obalne sindikalne organizacije \u2013 KS 90"},"content":{"rendered":"\n<p>Danes mineva 30 let od nastanka Obalne sindikalne organizacije, ki velja za prvo samostojno in neodvisno regijsko sindikalno organizacijo v Sloveniji. Na nespremenjenih temeljih in v nespremenjeni obliki se je ohranila do dana\u0161njih dni in \u0161e vedno ostaja najpomembnej\u0161a in naju\u010dinkovitej\u0161a oblika sindikalnega organiziranja v regiji in \u0161ir\u0161e. Vanjo se zdru\u017eujejo delavci razli\u010dnih poklicev in razli\u010dnih dejavnosti, tako iz zasebnega kot javnega sektorja, upokojenci in nezaposleni.<\/p>\n\n\n\n<p>Prizadevamo si, da tudi v tej te\u017eki situaciji ostanemo povezani. Vabljeni tudi vsi, ki \u0161e niste \u010dlani, da se nam pridru\u017eite. Skupaj smo lahko \u0161e mo\u010dnej\u0161i!<\/p>\n\n\n\n<p>3.4.2020<\/p>\n","protected":false},"excerpt":{"rendered":"<p>Danes mineva 30 let od nastanka Obalne sindikalne organizacije, ki velja za prvo samostojno in neodvisno regijsko sindikalno organizacijo v Sloveniji. Na nespremenjenih temeljih in v nespremenjeni obliki se je &#8230;<\/p>\n","protected":false},"author":1,"featured_media":1502,"comment_status":"closed","ping_status":"closed","sticky":false,"template":"","format":"standard","meta":{"ngg_post_thumbnail":0,"footnotes":""},"categories":[26],"tags":[],"class_list":["post-1501","post","type-post","status-publish","format-standard","has-post-thumbnail","hentry","category-novice"],"_links":{"self":[{"href":"https:\/\/www.sindikat-osoks90.si\/index.php?rest_route=\/wp\/v2\/posts\/1501","targetHints":{"allow":["GET"]}}],"collection":[{"href":"https:\/\/www.sindikat-osoks90.si\/index.php?rest_route=\/wp\/v2\/posts"}],"about":[{"href":"https:\/\/www.sindikat-osoks90.si\/index.php?rest_route=\/wp\/v2\/types\/post"}],"author":[{"embeddable":true,"href":"https:\/\/www.sindikat-osoks90.si\/index.php?rest_route=\/wp\/v2\/users\/1"}],"replies":[{"embeddable":true,"href":"https:\/\/www.sindikat-osoks90.si\/index.php?rest_route=%2Fwp%2Fv2%2Fcomments&post=1501"}],"version-history":[{"count":2,"href":"https:\/\/www.sindikat-osoks90.si\/index.php?rest_route=\/wp\/v2\/posts\/1501\/revisions"}],"predecessor-version":[{"id":1648,"href":"https:\/\/www.sindikat-osoks90.si\/index.php?rest_route=\/wp\/v2\/posts\/1501\/revisions\/1648"}],"wp:featuredmedia":[{"embeddable":true,"href":"https:\/\/www.sindikat-osoks90.si\/index.php?rest_route=\/wp\/v2\/media\/1502"}],"wp:attachment":[{"href":"https:\/\/www.sindikat-osoks90.si\/index.php?rest_route=%2Fwp%2Fv2%2Fmedia&parent=1501"}],"wp:term":[{"taxonomy":"category","embeddable":true,"href":"https:\/\/www.sindikat-osoks90.si\/index.php?rest_route=%2Fwp%2Fv2%2Fcategories&post=1501"},{"taxonomy":"post_tag","embeddable":true,"href":"https:\/\/www.sindikat-osoks90.si\/index.php?rest_route=%2Fwp%2Fv2%2Ftags&post=1501"}],"curies":[{"name":"wp","href":"https:\/\/api.w.org\/{rel}","templated":true}]}}