{"id":1628,"date":"2019-08-08T16:34:40","date_gmt":"2019-08-08T14:34:40","guid":{"rendered":"https:\/\/www.sindikat-osoks90.si\/?p=1628"},"modified":"2020-04-20T19:11:01","modified_gmt":"2020-04-20T17:11:01","slug":"sindikati-znova-opozorili-na-problematicnost-modela-zaposlovanja-v-luki-koper","status":"publish","type":"post","link":"https:\/\/www.sindikat-osoks90.si\/?p=1628","title":{"rendered":"Sindikati znova opozorili na problemati\u010dnost modela zaposlovanja v Luki Koper"},"content":{"rendered":"\n<p>Obalni sindikati so danes znova opozorili na problemati\u010dnost tristebrnega modela zaposlovanja v Luki Koper. Tudi v novem modelu namre\u010d vidijo ve\u010d elementov nezakonitosti ter svarijo pred ponovitvijo zgodbe s t.i. podjetji IPS, ki jih nov model nadome\u0161\u010da. Od Luke Koper pri\u010dakujejo prevzem odgovornosti in neposredno zaposlitev vseh delavcev.<\/p>\n\n\n\n<p><a href=\"http:\/\/www.politikis.si\/2019\/08\/sindikati-znova-opozorili-na-problematicnost-modela-zaposlovanja-v-luki-koper\/?fbclid=IwAR0rACCxLS-LEFxcA523nV0ZVH1ftbpdtWwVkjjEWnwKhtMxnPxrosLPWfE\" target=\"_blank\" rel=\"noreferrer noopener\">Ve\u010d na povezavi<\/a><\/p>\n\n\n\n<p>Vir: politikis.si \/ 8.8.2019<\/p>\n","protected":false},"excerpt":{"rendered":"<p>Obalni sindikati so danes znova opozorili na problemati\u010dnost tristebrnega modela zaposlovanja v Luki Koper. Tudi v novem modelu namre\u010d vidijo ve\u010d elementov nezakonitosti ter svarijo pred ponovitvijo zgodbe s t.i. &#8230;<\/p>\n","protected":false},"author":1,"featured_media":1629,"comment_status":"closed","ping_status":"closed","sticky":false,"template":"","format":"standard","meta":{"ngg_post_thumbnail":0,"footnotes":""},"categories":[27],"tags":[],"class_list":["post-1628","post","type-post","status-publish","format-standard","has-post-thumbnail","hentry","category-medijske-objave"],"_links":{"self":[{"href":"https:\/\/www.sindikat-osoks90.si\/index.php?rest_route=\/wp\/v2\/posts\/1628","targetHints":{"allow":["GET"]}}],"collection":[{"href":"https:\/\/www.sindikat-osoks90.si\/index.php?rest_route=\/wp\/v2\/posts"}],"about":[{"href":"https:\/\/www.sindikat-osoks90.si\/index.php?rest_route=\/wp\/v2\/types\/post"}],"author":[{"embeddable":true,"href":"https:\/\/www.sindikat-osoks90.si\/index.php?rest_route=\/wp\/v2\/users\/1"}],"replies":[{"embeddable":true,"href":"https:\/\/www.sindikat-osoks90.si\/index.php?rest_route=%2Fwp%2Fv2%2Fcomments&post=1628"}],"version-history":[{"count":2,"href":"https:\/\/www.sindikat-osoks90.si\/index.php?rest_route=\/wp\/v2\/posts\/1628\/revisions"}],"predecessor-version":[{"id":1639,"href":"https:\/\/www.sindikat-osoks90.si\/index.php?rest_route=\/wp\/v2\/posts\/1628\/revisions\/1639"}],"wp:featuredmedia":[{"embeddable":true,"href":"https:\/\/www.sindikat-osoks90.si\/index.php?rest_route=\/wp\/v2\/media\/1629"}],"wp:attachment":[{"href":"https:\/\/www.sindikat-osoks90.si\/index.php?rest_route=%2Fwp%2Fv2%2Fmedia&parent=1628"}],"wp:term":[{"taxonomy":"category","embeddable":true,"href":"https:\/\/www.sindikat-osoks90.si\/index.php?rest_route=%2Fwp%2Fv2%2Fcategories&post=1628"},{"taxonomy":"post_tag","embeddable":true,"href":"https:\/\/www.sindikat-osoks90.si\/index.php?rest_route=%2Fwp%2Fv2%2Ftags&post=1628"}],"curies":[{"name":"wp","href":"https:\/\/api.w.org\/{rel}","templated":true}]}}