{"id":1746,"date":"2020-04-30T12:14:00","date_gmt":"2020-04-30T10:14:00","guid":{"rendered":"https:\/\/www.sindikat-osoks90.si\/?p=1746"},"modified":"2020-06-04T12:16:51","modified_gmt":"2020-06-04T10:16:51","slug":"sindikati-pred-praznikom-v-luci-krize-ne-bomo-dovolili-da-posledice-spet-placajo-delavci","status":"publish","type":"post","link":"https:\/\/www.sindikat-osoks90.si\/?p=1746","title":{"rendered":"Sindikati pred praznikom v lu\u010di krize: Ne bomo dovolili, da posledice spet pla\u010dajo delavci"},"content":{"rendered":"\n<p>Letos bodo delavci 1. maj, praznik dela, zaradi epidemije koronavirusa praznovali povsem druga\u010de, brez dru\u017eenj, kresovanj in budnic, poudarjajo v sindikatih in pozivajo, da se kot simbol delavskega boja na balkone obesi rde\u010do zastavo, cvetje, majico. Hkrati opozarjajo, da ne bodo dovolili, da se posledice krize znova obesi na ple\u010da delavcev.<\/p>\n\n\n\n<p><a rel=\"noreferrer noopener\" href=\"https:\/\/www.24ur.com\/novice\/slovenija\/sindikati-pred-praznikom-v-luci-krize-ne-bomo-dovolili-da-posledice-spet-placajo-delavci.html\" target=\"_blank\">Ve\u010d na povezavi<\/a><\/p>\n\n\n\n<p>Vir: 24ur.com \/ Foto: Jani Dolin\u0161ek \/ 30.4.2020<\/p>\n","protected":false},"excerpt":{"rendered":"<p>Letos bodo delavci 1. maj, praznik dela, zaradi epidemije koronavirusa praznovali povsem druga\u010de, brez dru\u017eenj, kresovanj in budnic, poudarjajo v sindikatih in pozivajo, da se kot simbol delavskega boja na &#8230;<\/p>\n","protected":false},"author":1,"featured_media":1748,"comment_status":"closed","ping_status":"open","sticky":false,"template":"","format":"standard","meta":{"ngg_post_thumbnail":0,"footnotes":""},"categories":[27],"tags":[],"class_list":["post-1746","post","type-post","status-publish","format-standard","has-post-thumbnail","hentry","category-medijske-objave"],"_links":{"self":[{"href":"https:\/\/www.sindikat-osoks90.si\/index.php?rest_route=\/wp\/v2\/posts\/1746","targetHints":{"allow":["GET"]}}],"collection":[{"href":"https:\/\/www.sindikat-osoks90.si\/index.php?rest_route=\/wp\/v2\/posts"}],"about":[{"href":"https:\/\/www.sindikat-osoks90.si\/index.php?rest_route=\/wp\/v2\/types\/post"}],"author":[{"embeddable":true,"href":"https:\/\/www.sindikat-osoks90.si\/index.php?rest_route=\/wp\/v2\/users\/1"}],"replies":[{"embeddable":true,"href":"https:\/\/www.sindikat-osoks90.si\/index.php?rest_route=%2Fwp%2Fv2%2Fcomments&post=1746"}],"version-history":[{"count":1,"href":"https:\/\/www.sindikat-osoks90.si\/index.php?rest_route=\/wp\/v2\/posts\/1746\/revisions"}],"predecessor-version":[{"id":1747,"href":"https:\/\/www.sindikat-osoks90.si\/index.php?rest_route=\/wp\/v2\/posts\/1746\/revisions\/1747"}],"wp:featuredmedia":[{"embeddable":true,"href":"https:\/\/www.sindikat-osoks90.si\/index.php?rest_route=\/wp\/v2\/media\/1748"}],"wp:attachment":[{"href":"https:\/\/www.sindikat-osoks90.si\/index.php?rest_route=%2Fwp%2Fv2%2Fmedia&parent=1746"}],"wp:term":[{"taxonomy":"category","embeddable":true,"href":"https:\/\/www.sindikat-osoks90.si\/index.php?rest_route=%2Fwp%2Fv2%2Fcategories&post=1746"},{"taxonomy":"post_tag","embeddable":true,"href":"https:\/\/www.sindikat-osoks90.si\/index.php?rest_route=%2Fwp%2Fv2%2Ftags&post=1746"}],"curies":[{"name":"wp","href":"https:\/\/api.w.org\/{rel}","templated":true}]}}