{"id":1995,"date":"2021-04-29T10:11:16","date_gmt":"2021-04-29T08:11:16","guid":{"rendered":"https:\/\/www.sindikat-osoks90.si\/?p=1995"},"modified":"2021-04-29T10:19:15","modified_gmt":"2021-04-29T08:19:15","slug":"praznik-dela","status":"publish","type":"post","link":"https:\/\/www.sindikat-osoks90.si\/?p=1995","title":{"rendered":"Praznik dela"},"content":{"rendered":"\n<p>V <strong>Obalni sindikalni organizaciji \u2013 KS 90<\/strong>, ki \u017ee ve\u010d kot 31 let skrbi za postavljanje meja kapitalu ter vse napore usmerja v zagotavljanje dostojnega pla\u010dila za opravljeno delo in varnega ter zdravega delovnega okolja, imamo mo\u010dno in dolgo tradicijo organiziranja praznovanja praznika dela. Vse od ustanovitve naprej smo namre\u010d na <strong>zadnji dan v mesecu aprilu <\/strong>(najprej na Socerbu, nato v San Simonu, sedaj pa \u017ee ve\u010d kot dve desetletji na Markovcu) poskrbeli, da je zagorel kres, ki je vedno znova in znova vse prisotne in \u0161ir\u0161o javnost opominjal, da je delavski boj \u0161e kako \u017eiv in nujno potreben, saj so \u0161e kako sve\u017ei spomini tako na boj delavcev v Chicagu davnega leta 1886, kot tudi na boj slovenskih \u017eelezni\u010darjev, ki se je odvijal davnega leta 1920 in v katerih so uga\u0161ala tudi \u010dlove\u0161ka \u017eivljenja. \u017divimo namre\u010d v \u010dasu, ki je za obstoj dostojnih delavskih pravic prelomen, \u010de ne \u017ee klju\u010den, saj je sistem, ki temelji na izkori\u0161\u010danju, razslojevanju, korupciji in sistemskem ustvarjanju reve\u017eev dobil v trenutni zdravstveni situaciji ponovno prilo\u017enost za nadgradnjo in s tem tudi za morebitno pre\u017eivetje.<\/p>\n\n\n\n<p>Slovenski delavci smo \u017ee v letu 2013, ko smo imeli idealno prilo\u017enost, da krivi\u010dni sistem upravi\u010deno potisnemo na odpad zgodovine, sogla\u0161ali z logiko, ki so nam jo vsiljevali tudi izbranci ljudstva, da <em>\u00bbnajprej <\/em><em>odpremo mo\u0161nji\u010dek \u0161ele potem razmi\u0161ljajmo o smotrnosti le tega\u00ab<\/em> in s tem pristali na dokapitalizacijo takrat \u0161e slovenskih bank (sedaj \u017ee tuje (NLB, NKBM) ali likvidirane banke (Factor banka, Probanka)) v vi\u0161ini skoraj 5 milijard EUR ter s tem omogo\u010dili ne samo pre\u017eivetje sistema, ampak celo njegovo nadgradnjo. Kapitalizem se namre\u010d razvija v ciklusih, kjer si sledijo obdobja <strong>rasti<\/strong> in <strong>padca<\/strong> in v vsem razumljivem \u017eargonu bi lahko rekli, da v sistemu rotirata obdobje grabe\u017ea in obdobje boja za ohranjanje nagrabljenega ter posodabljanja za bolj\u0161e delovanje le tega.<\/p>\n\n\n\n<p>Ponavlja se nam \u017ee videna zgodba iz leta 2013, le da jo je v letu 2020 spro\u017eila zdravstvena situacija in sistem ponovno zahteva brezkompromisno ve\u010d milijardne vlo\u017eke na\u0161ega davkopla\u010devalskega denarja in potrjuje se teza, da je obstoje\u010di sistem vir te\u017eav in nikakor ne bi smel biti del re\u0161itve, kot se to ponovno dogaja DANES.<em><\/em><\/p>\n\n\n\n<p>Ob vsem tem pa se brez trohice sramu dogaja isto\u010dasno tudi nadgradnja sistema, ki ga bo naredila \u0161e mo\u010dnej\u0161ega s predvideno dav\u010dno reformo, ki jo predlagajo na\u0161i izvoljenci ljudstva, s katero bi se dav\u010dno razbremenilo v ve\u010dini najbogatej\u0161e in uvedlo socialno kapico, kar bi brez pretiranega premisleka vodilo v \u0161e ve\u010djo razslojevanje dru\u017ebe na zelo bogate in zelo revne ter za\u010detek konca na\u0161ega celotnega dru\u017ebenega sistema, ki temelji na medsebojni solidarnosti. Da podkrepimo dogajanje zadnjega dobrega leta z uradnimi \u0161tevilkami je tu alarmanten podatek Fiskalnega sveta RS, da nas je davkopla\u010devalce pomo\u010d sistemu do sedaj stala \u017ee blizu 4 milijarde EUR. Ob tem je potrebno \u0161e poudariti, da je primanjkljaj dr\u017eavnega prora\u010duna po za\u010dasnih podatkih v <strong>prvih treh mesecih 2021<\/strong> zna\u0161al \u017ee skoraj 1,3 milijarde EUR, kar je skoraj polovica s prora\u010dunom predvidenega primanjkljaja za celo leto 2021. &nbsp;Letni prora\u010dun RS za leto 2021 po \u017ee \u010detrti korekciji predvideva mo\u017enost 14,32 milijarde EUR letne porabe ob tem, da lahko prora\u010dunski primanjkljaj zna\u0161a celo 8,6 odstotka BDP.<\/p>\n\n\n\n<p>Ob tem pa se v Obalni sindikalni organizaciji \u2013 KS 90 soo\u010damo z vedno huj\u0161imi oblikami napadov na osnovno \u010dlove\u0161ko in s tem tudi na delavsko dostojanstvo, z omejitvami, ki so bile \u0161e nedolgo nazaj del izklju\u010dno totalitarnih sistemov (prepovedi zbiranja), z izigravanjem socialnega dialoga in na\u010drtnim brisanjem mej dovoljenega v imenu zagotavljanja akumulacije kapitala. Istega kapitala, ki prepogosto zasleduje pot lastnega plemenitenja in ki na delavce gleda prepogosto le kot na stro\u0161ek in sredstvo za dosego lastnega cilja. Prav tako je nedopustno, da \u017eivimo v dr\u017eavi brez prave resne gospodarske strategije ter s \u0161ibkim in\u0161pekcijskim nadzorom in da so delavci prepogosto lahke tar\u010de za delodajalce z delovnimi mesti z nizko dodano vrednostjo, ki zagotavljajo zgolj minimalno pla\u010do in so mo\u010dno podvr\u017eeni kr\u0161itvam delovnopravne zakonodaje. Menimo namre\u010d, da si slovenski delavec zaslu\u017ei ve\u010d kot le minimalno pla\u010do. Slednjo po zadnjih podatkih prejema celo ve\u010d kot 60 tiso\u010d delavcev in iz meseca v mesec jih je ve\u010d, to pa tudi zaradi tega, ker je dr\u017eava prisluhnila kapitalu in delodajalcem celo z interventno zakonodajo omogo\u010dila, da jim za delavce na minimalni pla\u010di subvencionira del njihovega stro\u0161ka za delo. Zato imamo torej gospodarstvo, ki je s pomo\u010djo dr\u017eave stimulirano, da ustvarja delovna mesta z minimalno pla\u010do in s tem posledi\u010dno ustvarja dodatno rev\u0161\u010dino namesto, da bi delavcem omogo\u010dila, da bi se lahko s po\u0161teno opravljenim delom re\u0161ili rev\u0161\u010dine in za\u017eiveli spodobno in dostojno \u017eivljenje.<\/p>\n\n\n\n<p>Zato moramo v sedanjem \u010dasu, ko nas \u017ee ve\u010d kot eno leto napadajo epidemija nestrpnosti, prepovedi dru\u017eenja, ustrahovanja ter la\u017enih novic, odgovoriti z epidemijo <strong>solidarnosti,<\/strong> <strong>enotnosti<\/strong> in <strong>predvsem odlo\u010dnosti<\/strong>, saj nam je ponovno dana mo\u017enost in prilo\u017enost, da oplemeniteni z izku\u0161njo iz leta 2013 naredimo dru\u017ebo dokon\u010dno bolj \u010dlove\u0161ko in delo bolj cenjeno in spo\u0161tovano, saj ne smemo pristati na logiko kapitala, odtujevanja in sovra\u017enosti!<\/p>\n\n\n\n<p>V Obalni sindikalni organizaciji \u2013 KS 90 ob bli\u017eajo\u010dem prazniku dela opozarjamo tudi na na\u010drtno zmanj\u0161evanje delavskega organiziranja, saj so nam v imenu zdravstvene situacije \u017ee drugo leto zapored onemogo\u010dili praznovanje praznika dela, prav tako opa\u017eamo vedno ve\u010djo tendenco dela na daljavo, pri katerem se delovno mesto prenese v dnevne sobe, kuhinje in spalnice delavcev ter se s tem prepogosto delovni \u010das razvle\u010de \u010dez cel dan in ob tem tudi onemogo\u010di izmenjavo informacij in zdru\u017eevanje delavstva v tako imenovano kriti\u010dno maso, ki bi se lahko uprla pohlepu kapitala. Zato odlo\u010dno poudarjamo, da smo proti kakr\u0161nemu koli poslovnemu modelu, ki ne bo na prvo mesto pred interesi kapitala dokon\u010dno postavil <strong>\u010dloveka<\/strong> in zato pozivamo vse aktivne in do danes neaktivne mladostnike, delavce in upokojence, da se aktivirajo, saj ne smemo ve\u010d pristati na logiko slabih re\u0161itev in nadaljevanja sistema, ki temelji na razslojevanju in dru\u017ebeni neenakosti, ki je vir te\u017eav in nikakor ne sme biti ve\u010d del re\u0161itve. Nesporna posledica trenutnega sistema je, da le ta ustvarja okolje, v katerem delavci tekmujejo eden z drugim in da ni dovolj delovnih mest za vse, da ljudje vedno znova in znova ostanejo brez slu\u017eb, brez vseh delavskih pravic ter pogosto brez mo\u017enosti urejenega dru\u017einskega \u017eivljenja. V Sloveniji potrebujemo trajnostno strategijo lastni\u0161tva na\u0161ih podjetij, strategijo, s katero bi dodano vrednost novih tehnologij usmerili \u0161iroko med slovensko populacijo, s katero bi zavarovali kvalitetna delovna mesta z zavidljivo dodano vrednostjo. Potrebujemo strategijo, ki bo ponujala nove in prepri\u010dljive karierne prilo\u017enosti za mlade ter zagotavljala dostojnej\u0161a pla\u010dila za po\u0161teno opravljeno delo ter pokojnine, ki bodo omogo\u010dale \u010dloveku vredno in dostojno pre\u017eivljanje starosti. Lastni\u0161tvo zaposlenih bi moralo biti osrednji element strategije, kar bi nam zagotavljalo gospodarjenje nad lastno usodo in ne kot se dogaja sedaj, ko smo izklju\u010dno orodje v rokah tujega ali doma\u010dega kapitala, ki mu prepogosto predstavljamo le idealno razmerje med ceno dela, na\u0161o marljivostjo in strokovnostjo in ko se cena dela dvigne kapitalist enostavno zapre tovarno po tem, ko je po veliki verjetnosti v preteklosti \u017ee pre\u010drpal dr\u017eavne subvencije ali pomo\u010di.<\/p>\n\n\n\n<p>Zato v Obalni sindikalni organizaciji \u2013 KS 90<strong> odlo\u010dno in ponosno povemo \u017dIVELA prvi in drugi maj!<\/strong> Vsi, ki ste \u017eeljni sprememb, pri\u017egite ogenj v svojih srcih in spro\u017eimo <strong>pravo<\/strong> <strong>epidemijo sprememb<\/strong>, katerih posledica bo ta, da se delu ponovno povrne <strong>\u010dast in oblast <\/strong>in se po\u0161lje na odpad zgodovine trenutni sistem, ki temelji na izkori\u0161\u010danju, razslojevanju, korupciji in sistemskem ustvarjanju reve\u017eev!<\/p>\n\n\n\n<p>Zdravilo za kapitalizem je namre\u010d v rokah delavcev, njihovem organiziranju in lastni\u0161tvu v podjetjih. Dodatna prednost delavskega lastni\u0161tva je v tem, da ni zgolj socialni korektiv. Podjetja, ki se odlo\u010dijo za delavsko lastni\u0161tvo so v primerjavi s konkurenco veliko bolj produktivna, imajo vi\u0161jo stopnjo pre\u017eivetja na trgu, manj odpu\u0161\u010danj, vi\u0161je pla\u010de in ve\u010dja pokojninska var\u010devanja za svoje zaposlene. Sedaj je pravi \u010das, da finan\u010dne vlo\u017eke nas davkopla\u010devalcev, ki se pribli\u017eujejo 4 milijardam EUR,&nbsp; spremenimo v lastni\u0161ke dele\u017ee podjetij, ki bodo zagotavljala mo\u017enost dostojnega pla\u010dila za opravljeno delo in varnega delovnega okolja in ne zgolj minimalnega pla\u010dila in hitro izgubljenega zdravja!<\/p>\n\n\n\n<p>Delavski pozdrav !!!<\/p>\n\n\n\n<p>Damjan VOLF<\/p>\n\n\n\n<p>Generalni sekretar Obalne sindikalne organizacije \u2013 KS 90<\/p>\n\n\n\n<p>29.4.2021<\/p>\n","protected":false},"excerpt":{"rendered":"<p>V Obalni sindikalni organizaciji \u2013 KS 90, ki \u017ee ve\u010d kot 31 let skrbi za postavljanje meja kapitalu ter vse napore usmerja v zagotavljanje dostojnega pla\u010dila za opravljeno delo in &#8230;<\/p>\n","protected":false},"author":2,"featured_media":1996,"comment_status":"closed","ping_status":"closed","sticky":false,"template":"","format":"standard","meta":{"ngg_post_thumbnail":0,"footnotes":""},"categories":[26],"tags":[],"class_list":["post-1995","post","type-post","status-publish","format-standard","has-post-thumbnail","hentry","category-novice"],"_links":{"self":[{"href":"https:\/\/www.sindikat-osoks90.si\/index.php?rest_route=\/wp\/v2\/posts\/1995","targetHints":{"allow":["GET"]}}],"collection":[{"href":"https:\/\/www.sindikat-osoks90.si\/index.php?rest_route=\/wp\/v2\/posts"}],"about":[{"href":"https:\/\/www.sindikat-osoks90.si\/index.php?rest_route=\/wp\/v2\/types\/post"}],"author":[{"embeddable":true,"href":"https:\/\/www.sindikat-osoks90.si\/index.php?rest_route=\/wp\/v2\/users\/2"}],"replies":[{"embeddable":true,"href":"https:\/\/www.sindikat-osoks90.si\/index.php?rest_route=%2Fwp%2Fv2%2Fcomments&post=1995"}],"version-history":[{"count":3,"href":"https:\/\/www.sindikat-osoks90.si\/index.php?rest_route=\/wp\/v2\/posts\/1995\/revisions"}],"predecessor-version":[{"id":1999,"href":"https:\/\/www.sindikat-osoks90.si\/index.php?rest_route=\/wp\/v2\/posts\/1995\/revisions\/1999"}],"wp:featuredmedia":[{"embeddable":true,"href":"https:\/\/www.sindikat-osoks90.si\/index.php?rest_route=\/wp\/v2\/media\/1996"}],"wp:attachment":[{"href":"https:\/\/www.sindikat-osoks90.si\/index.php?rest_route=%2Fwp%2Fv2%2Fmedia&parent=1995"}],"wp:term":[{"taxonomy":"category","embeddable":true,"href":"https:\/\/www.sindikat-osoks90.si\/index.php?rest_route=%2Fwp%2Fv2%2Fcategories&post=1995"},{"taxonomy":"post_tag","embeddable":true,"href":"https:\/\/www.sindikat-osoks90.si\/index.php?rest_route=%2Fwp%2Fv2%2Ftags&post=1995"}],"curies":[{"name":"wp","href":"https:\/\/api.w.org\/{rel}","templated":true}]}}