{"id":2005,"date":"2021-05-12T10:37:07","date_gmt":"2021-05-12T08:37:07","guid":{"rendered":"https:\/\/www.sindikat-osoks90.si\/?p=2005"},"modified":"2021-05-12T10:38:00","modified_gmt":"2021-05-12T08:38:00","slug":"kapital-je-v-epidemiji-odigral-vlogo-zrtve-tudi-delavci-smo-mu-dali-prednost-pred-solidarnostjo","status":"publish","type":"post","link":"https:\/\/www.sindikat-osoks90.si\/?p=2005","title":{"rendered":"Kapital je v epidemiji odigral vlogo \u017ertve. Tudi delavci smo mu dali prednost pred solidarnostjo."},"content":{"rendered":"\n<p>Epidemija covida-19 ni samo korenito spremenila dru\u017ebenega vsakdanjika, posegla je tudi v pravice zaposlenih in vplivala na zmanj\u0161evanje socialne varnosti.<br>&#8220;Delavski boj je v sistemu, v katerem trenutno \u017eivimo, ve\u010d kot nujen&#8221;, meni Damjan Volf.<\/p>\n\n\n\n<p>Ve\u010d na: <a rel=\"noreferrer noopener\" href=\"https:\/\/www.rtvslo.si\/gospodarstvo\/kapital-je-v-epidemiji-odigral-vlogo-zrtve-tudi-delavci-smo-mu-dali-prednost-pred-solidarnostjo\/578627\" target=\"_blank\">rtvslo.si<\/a> &#8211; 10.5.2021<\/p>\n","protected":false},"excerpt":{"rendered":"<p>Epidemija covida-19 ni samo korenito spremenila dru\u017ebenega vsakdanjika, posegla je tudi v pravice zaposlenih in vplivala na zmanj\u0161evanje socialne varnosti.&#8220;Delavski boj je v sistemu, v katerem trenutno \u017eivimo, ve\u010d kot &#8230;<\/p>\n","protected":false},"author":2,"featured_media":1671,"comment_status":"closed","ping_status":"closed","sticky":false,"template":"","format":"standard","meta":{"ngg_post_thumbnail":0,"footnotes":""},"categories":[27],"tags":[],"class_list":["post-2005","post","type-post","status-publish","format-standard","has-post-thumbnail","hentry","category-medijske-objave"],"_links":{"self":[{"href":"https:\/\/www.sindikat-osoks90.si\/index.php?rest_route=\/wp\/v2\/posts\/2005","targetHints":{"allow":["GET"]}}],"collection":[{"href":"https:\/\/www.sindikat-osoks90.si\/index.php?rest_route=\/wp\/v2\/posts"}],"about":[{"href":"https:\/\/www.sindikat-osoks90.si\/index.php?rest_route=\/wp\/v2\/types\/post"}],"author":[{"embeddable":true,"href":"https:\/\/www.sindikat-osoks90.si\/index.php?rest_route=\/wp\/v2\/users\/2"}],"replies":[{"embeddable":true,"href":"https:\/\/www.sindikat-osoks90.si\/index.php?rest_route=%2Fwp%2Fv2%2Fcomments&post=2005"}],"version-history":[{"count":2,"href":"https:\/\/www.sindikat-osoks90.si\/index.php?rest_route=\/wp\/v2\/posts\/2005\/revisions"}],"predecessor-version":[{"id":2007,"href":"https:\/\/www.sindikat-osoks90.si\/index.php?rest_route=\/wp\/v2\/posts\/2005\/revisions\/2007"}],"wp:featuredmedia":[{"embeddable":true,"href":"https:\/\/www.sindikat-osoks90.si\/index.php?rest_route=\/wp\/v2\/media\/1671"}],"wp:attachment":[{"href":"https:\/\/www.sindikat-osoks90.si\/index.php?rest_route=%2Fwp%2Fv2%2Fmedia&parent=2005"}],"wp:term":[{"taxonomy":"category","embeddable":true,"href":"https:\/\/www.sindikat-osoks90.si\/index.php?rest_route=%2Fwp%2Fv2%2Fcategories&post=2005"},{"taxonomy":"post_tag","embeddable":true,"href":"https:\/\/www.sindikat-osoks90.si\/index.php?rest_route=%2Fwp%2Fv2%2Ftags&post=2005"}],"curies":[{"name":"wp","href":"https:\/\/api.w.org\/{rel}","templated":true}]}}