{"id":2189,"date":"2021-11-03T08:01:27","date_gmt":"2021-11-03T07:01:27","guid":{"rendered":"https:\/\/www.sindikat-osoks90.si\/?p=2189"},"modified":"2021-11-04T09:55:39","modified_gmt":"2021-11-04T08:55:39","slug":"stecajni-postopek-stavbenika","status":"publish","type":"post","link":"https:\/\/www.sindikat-osoks90.si\/?p=2189","title":{"rendered":"Popla\u010dilo delavcev Stavbenika"},"content":{"rendered":"\n<p>Minilo je \u017ee skoraj 9 let, odkar sta z oklicem ste\u010daja 102 delavca izgubila zaposlitev v podjetju Stavbenik, ki bi sicer letos praznovalo \u017ee 74. obletnico ustanovitve in ki je v zlatih \u010dasih zaposlovalo ve\u010d kot 2.000 delavcev ter bilo sinonim za kvalitetno gradnjo ne samo na Primorskem, ampak tudi \u0161ir\u0161e.<\/p>\n\n\n\n<p>Ste\u010dajni postopek \u0161e ni zaklju\u010den. Ve\u010d v spodnjih prispevkih.<\/p>\n\n\n\n<p><a rel=\"noreferrer noopener\" href=\"https:\/\/4d.rtvslo.si\/arhiv\/primorska-kronika\/174818906\" target=\"_blank\">Primorska kronika<\/a> &#8211; 2. 11. 2021<\/p>\n\n\n\n<p><a rel=\"noreferrer noopener\" href=\"https:\/\/www.regionalobala.si\/novica\/pred-prodajo-zemljisc-tpc-livade-so-se-oglasili-delavci-stavbenika-se-vedno-nepoplacani-bodo-iz-tega\" target=\"_blank\">Regional Obala<\/a> &#8211; 3. 11. 2021<\/p>\n\n\n\n<p><a rel=\"noreferrer noopener\" href=\"https:\/\/www.rtvslo.si\/lokalne-novice\/primorje\/izolski-obcinski-svetniki-podprli-predlog-naj-obcina-poda-ponudbo-za-nakup-tpc-livade\/599841\" target=\"_blank\">rtvslo.si<\/a> &#8211; 3. 11. 2021<\/p>\n","protected":false},"excerpt":{"rendered":"<p>Minilo je \u017ee skoraj 9 let, odkar sta z oklicem ste\u010daja 102 delavca izgubila zaposlitev v podjetju Stavbenik, ki bi sicer letos praznovalo \u017ee 74. obletnico ustanovitve in ki je &#8230;<\/p>\n","protected":false},"author":2,"featured_media":1626,"comment_status":"closed","ping_status":"closed","sticky":false,"template":"","format":"standard","meta":{"ngg_post_thumbnail":0,"footnotes":""},"categories":[27],"tags":[],"class_list":["post-2189","post","type-post","status-publish","format-standard","has-post-thumbnail","hentry","category-medijske-objave"],"_links":{"self":[{"href":"https:\/\/www.sindikat-osoks90.si\/index.php?rest_route=\/wp\/v2\/posts\/2189","targetHints":{"allow":["GET"]}}],"collection":[{"href":"https:\/\/www.sindikat-osoks90.si\/index.php?rest_route=\/wp\/v2\/posts"}],"about":[{"href":"https:\/\/www.sindikat-osoks90.si\/index.php?rest_route=\/wp\/v2\/types\/post"}],"author":[{"embeddable":true,"href":"https:\/\/www.sindikat-osoks90.si\/index.php?rest_route=\/wp\/v2\/users\/2"}],"replies":[{"embeddable":true,"href":"https:\/\/www.sindikat-osoks90.si\/index.php?rest_route=%2Fwp%2Fv2%2Fcomments&post=2189"}],"version-history":[{"count":7,"href":"https:\/\/www.sindikat-osoks90.si\/index.php?rest_route=\/wp\/v2\/posts\/2189\/revisions"}],"predecessor-version":[{"id":2199,"href":"https:\/\/www.sindikat-osoks90.si\/index.php?rest_route=\/wp\/v2\/posts\/2189\/revisions\/2199"}],"wp:featuredmedia":[{"embeddable":true,"href":"https:\/\/www.sindikat-osoks90.si\/index.php?rest_route=\/wp\/v2\/media\/1626"}],"wp:attachment":[{"href":"https:\/\/www.sindikat-osoks90.si\/index.php?rest_route=%2Fwp%2Fv2%2Fmedia&parent=2189"}],"wp:term":[{"taxonomy":"category","embeddable":true,"href":"https:\/\/www.sindikat-osoks90.si\/index.php?rest_route=%2Fwp%2Fv2%2Fcategories&post=2189"},{"taxonomy":"post_tag","embeddable":true,"href":"https:\/\/www.sindikat-osoks90.si\/index.php?rest_route=%2Fwp%2Fv2%2Ftags&post=2189"}],"curies":[{"name":"wp","href":"https:\/\/api.w.org\/{rel}","templated":true}]}}