{"id":2237,"date":"2021-11-26T14:43:11","date_gmt":"2021-11-26T13:43:11","guid":{"rendered":"https:\/\/www.sindikat-osoks90.si\/?p=2237"},"modified":"2022-07-22T09:21:56","modified_gmt":"2022-07-22T07:21:56","slug":"sodisce-pritrdilo-voznikom-avtobusov-glede-placevanja-prispevkov-za-zavarovanje","status":"publish","type":"post","link":"https:\/\/www.sindikat-osoks90.si\/?p=2237","title":{"rendered":"Sodi\u0161\u010de pritrdilo voznikom avtobusov glede pla\u010devanja prispevkov za zavarovanje"},"content":{"rendered":"\n<p>Ljubljansko delovno in socialno sodi\u0161\u010de je v sporih sindikata voznikov avtobusov s podjetjema Arriva in Nomago glede pla\u010devanja prispevkov za poklicno zavarovanje obakrat pritrdilo sindikatu.<\/p>\n\n\n\n<p>Ve\u010d na: <a rel=\"noreferrer noopener\" href=\"https:\/\/www.rtvslo.si\/gospodarstvo\/sodisce-pritrdilo-voznikom-avtobusov-glede-placevanja-prispevkov-za-zavarovanje\/602696\" data-type=\"URL\" data-id=\"https:\/\/www.rtvslo.si\/gospodarstvo\/sodisce-pritrdilo-voznikom-avtobusov-glede-placevanja-prispevkov-za-zavarovanje\/602696\" target=\"_blank\">rtvslo.si<\/a> &#8211; 26. 11. 2021, Foto: BoBo<\/p>\n","protected":false},"excerpt":{"rendered":"<p>Ljubljansko delovno in socialno sodi\u0161\u010de je v sporih sindikata voznikov avtobusov s podjetjema Arriva in Nomago glede pla\u010devanja prispevkov za poklicno zavarovanje obakrat pritrdilo sindikatu. Ve\u010d na: rtvslo.si &#8211; 26. &#8230;<\/p>\n","protected":false},"author":2,"featured_media":2238,"comment_status":"closed","ping_status":"closed","sticky":false,"template":"","format":"standard","meta":{"ngg_post_thumbnail":0,"footnotes":""},"categories":[27],"tags":[],"class_list":["post-2237","post","type-post","status-publish","format-standard","has-post-thumbnail","hentry","category-medijske-objave"],"_links":{"self":[{"href":"https:\/\/www.sindikat-osoks90.si\/index.php?rest_route=\/wp\/v2\/posts\/2237","targetHints":{"allow":["GET"]}}],"collection":[{"href":"https:\/\/www.sindikat-osoks90.si\/index.php?rest_route=\/wp\/v2\/posts"}],"about":[{"href":"https:\/\/www.sindikat-osoks90.si\/index.php?rest_route=\/wp\/v2\/types\/post"}],"author":[{"embeddable":true,"href":"https:\/\/www.sindikat-osoks90.si\/index.php?rest_route=\/wp\/v2\/users\/2"}],"replies":[{"embeddable":true,"href":"https:\/\/www.sindikat-osoks90.si\/index.php?rest_route=%2Fwp%2Fv2%2Fcomments&post=2237"}],"version-history":[{"count":4,"href":"https:\/\/www.sindikat-osoks90.si\/index.php?rest_route=\/wp\/v2\/posts\/2237\/revisions"}],"predecessor-version":[{"id":2383,"href":"https:\/\/www.sindikat-osoks90.si\/index.php?rest_route=\/wp\/v2\/posts\/2237\/revisions\/2383"}],"wp:featuredmedia":[{"embeddable":true,"href":"https:\/\/www.sindikat-osoks90.si\/index.php?rest_route=\/wp\/v2\/media\/2238"}],"wp:attachment":[{"href":"https:\/\/www.sindikat-osoks90.si\/index.php?rest_route=%2Fwp%2Fv2%2Fmedia&parent=2237"}],"wp:term":[{"taxonomy":"category","embeddable":true,"href":"https:\/\/www.sindikat-osoks90.si\/index.php?rest_route=%2Fwp%2Fv2%2Fcategories&post=2237"},{"taxonomy":"post_tag","embeddable":true,"href":"https:\/\/www.sindikat-osoks90.si\/index.php?rest_route=%2Fwp%2Fv2%2Ftags&post=2237"}],"curies":[{"name":"wp","href":"https:\/\/api.w.org\/{rel}","templated":true}]}}