{"id":2501,"date":"2022-12-20T08:33:06","date_gmt":"2022-12-20T07:33:06","guid":{"rendered":"https:\/\/www.sindikat-osoks90.si\/?p=2501"},"modified":"2022-12-20T08:41:59","modified_gmt":"2022-12-20T07:41:59","slug":"vozniki-avtobusov-na-protestnem-shodu","status":"publish","type":"post","link":"https:\/\/www.sindikat-osoks90.si\/?p=2501","title":{"rendered":"Vozniki avtobusov na protestnem shodu"},"content":{"rendered":"\n<p>V soboto, dne 17. 12. 2022, je Sindikat voznikov avtobusov Slovenije organiziral protestni shod v Ljubljani. Protestniki so se zbrali pred upravno stavbo dru\u017ebe v Nomagu, nato pa se je shod nadaljeval pred ministrstvom za infrastrukturo.  Pozvali so k dostojnim pla\u010dam voznikov avtobusov v dru\u017ebah cestnega potni\u0161kega prometa in opozorili tudi na negativne posledice ki bi jih lahko prinesla pred kratkim sprejeta novela zakona o delovnem \u010dasu in obveznih po\u010ditkih mobilnih delavcev.<\/p>\n\n\n\n<p>Ve\u010d si lahko preberete v spodnjih prispevkih z dne 17. decembra 2022:<\/p>\n\n\n\n<p><a rel=\"noreferrer noopener\" href=\"https:\/\/www.rtvslo.si\/gospodarstvo\/vozniki-avtobusov-na-protestu-zahtevali-zvisanje-plac-vsaj-za-stopnjo-inflacije\/651341\" target=\"_blank\">rtvslo.si<\/a><\/p>\n\n\n\n<p><a rel=\"noreferrer noopener\" href=\"https:\/\/www.24ur.com\/novice\/slovenija\/vozniki-avtobusov-protestirali-v-ljubljani-hocemo-vecje-place.html\" target=\"_blank\">24ur.com<\/a><\/p>\n\n\n\n<p><a rel=\"noreferrer noopener\" href=\"https:\/\/novice.svet24.si\/clanek\/novice\/slovenija\/639d93dac87ee\/foto-vozniki-avtobusov-imajo-dovolj-vse-kar-zelijo-je-dostojno-placilo-in-osnovno-clovekovo-dostojanstvo\" target=\"_blank\">novice.svet24.s<\/a>i<\/p>\n\n\n\n<p><a rel=\"noreferrer noopener\" href=\"https:\/\/siol.net\/novice\/slovenija\/slovenski-vozniki-avtobusov-so-se-zbrali-na-protestnem-shodu-594804\" target=\"_blank\">siol.net<\/a><\/p>\n","protected":false},"excerpt":{"rendered":"<p>V soboto, dne 17. 12. 2022, je Sindikat voznikov avtobusov Slovenije organiziral protestni shod v Ljubljani. Protestniki so se zbrali pred upravno stavbo dru\u017ebe v Nomagu, nato pa se je &#8230;<\/p>\n","protected":false},"author":2,"featured_media":2503,"comment_status":"closed","ping_status":"closed","sticky":false,"template":"","format":"standard","meta":{"ngg_post_thumbnail":0,"footnotes":""},"categories":[27],"tags":[],"class_list":["post-2501","post","type-post","status-publish","format-standard","has-post-thumbnail","hentry","category-medijske-objave"],"_links":{"self":[{"href":"https:\/\/www.sindikat-osoks90.si\/index.php?rest_route=\/wp\/v2\/posts\/2501","targetHints":{"allow":["GET"]}}],"collection":[{"href":"https:\/\/www.sindikat-osoks90.si\/index.php?rest_route=\/wp\/v2\/posts"}],"about":[{"href":"https:\/\/www.sindikat-osoks90.si\/index.php?rest_route=\/wp\/v2\/types\/post"}],"author":[{"embeddable":true,"href":"https:\/\/www.sindikat-osoks90.si\/index.php?rest_route=\/wp\/v2\/users\/2"}],"replies":[{"embeddable":true,"href":"https:\/\/www.sindikat-osoks90.si\/index.php?rest_route=%2Fwp%2Fv2%2Fcomments&post=2501"}],"version-history":[{"count":1,"href":"https:\/\/www.sindikat-osoks90.si\/index.php?rest_route=\/wp\/v2\/posts\/2501\/revisions"}],"predecessor-version":[{"id":2502,"href":"https:\/\/www.sindikat-osoks90.si\/index.php?rest_route=\/wp\/v2\/posts\/2501\/revisions\/2502"}],"wp:featuredmedia":[{"embeddable":true,"href":"https:\/\/www.sindikat-osoks90.si\/index.php?rest_route=\/wp\/v2\/media\/2503"}],"wp:attachment":[{"href":"https:\/\/www.sindikat-osoks90.si\/index.php?rest_route=%2Fwp%2Fv2%2Fmedia&parent=2501"}],"wp:term":[{"taxonomy":"category","embeddable":true,"href":"https:\/\/www.sindikat-osoks90.si\/index.php?rest_route=%2Fwp%2Fv2%2Fcategories&post=2501"},{"taxonomy":"post_tag","embeddable":true,"href":"https:\/\/www.sindikat-osoks90.si\/index.php?rest_route=%2Fwp%2Fv2%2Ftags&post=2501"}],"curies":[{"name":"wp","href":"https:\/\/api.w.org\/{rel}","templated":true}]}}