{"id":2516,"date":"2023-01-06T15:35:47","date_gmt":"2023-01-06T14:35:47","guid":{"rendered":"https:\/\/www.sindikat-osoks90.si\/?p=2516"},"modified":"2023-01-06T15:46:39","modified_gmt":"2023-01-06T14:46:39","slug":"novinarska-konferenca-nezakonite-zabave-je-konec-cas-je-za-poracun","status":"publish","type":"post","link":"https:\/\/www.sindikat-osoks90.si\/?p=2516","title":{"rendered":"Novinarska konferenca \u00bbNezakonite zabave je konec. \u010cas je za pora\u010dun.\u00ab"},"content":{"rendered":"\n<p>V \u010detrtek, dne 5. januarja 2023, je v prostorih Obalne sindikalne organizacije \u2013 KS 90 potekala skupna novinarska konferenca Obalne sindikalne organizacije &#8211; KS 90, Konfederacije sindikatov 90 Slovenije, Dru\u0161tva Delavska svetovalnica in Pisarne delavske pravne za\u0161\u010dite Sonce Slovenije. Na novinarski konferenci so Damjan Volf (generalni sekretar OSO &#8211; KS 90), Ana Jakopi\u010d (izvr\u0161na sekretarka OSO &#8211; KS 90), Peter Majcen (predsednik KS 90 Slovenije), Goran Luki\u010d (Delavska svetovalnica) in Marko Blatnik (Sonce Slovenije) spregovorili o konkretnih pri\u010dakovanjih do Luke Koper na osnovi zadnjih sodb Vrhovnega sodi\u0161\u010da RS, ki je odlo\u010dilo, da delavci od datuma prenehanja pogodbe o zaposlitvi pri &#8220;izvajalkah pristani\u0161kih storitev&#8221; (IPS) utemeljeno uveljavljajo obstoj delovnega razmerja pri Luki Koper, kot tudi, da je le-ta zaradi kr\u0161itve pravic (pla\u010d in drugih prejemkov) to\u017enikom odgovorna za njihovo prikraj\u0161anje pri prejemkih iz delovnega razmerja tudi v \u010dasu \u017ee obstoje\u010dega delovnega razmerja pri IPS.<\/p>\n\n\n\n<p>Ve\u010d si lahko preberete in ogledate v spodnjih prispevkih z dne 5. in 6. januarja 2023:<\/p>\n\n\n\n<p><a href=\"https:\/\/www.primorske.si\/primorska\/istra\/delali-smo-po-tudi-po-400-ur-danes-moram-prositi-z\" target=\"_blank\" rel=\"noreferrer noopener\">primorske.si<\/a><\/p>\n\n\n\n<p><a rel=\"noreferrer noopener\" href=\"https:\/\/www.rtvslo.si\/rtv365\/arhiv\/174926609?s=tv\" target=\"_blank\">Primorska kronika<\/a> &#8211; od 1:00 dalje<\/p>\n\n\n\n<figure class=\"wp-block-image size-large\"><img loading=\"lazy\" decoding=\"async\" width=\"1024\" height=\"471\" src=\"https:\/\/www.sindikat-osoks90.si\/wp-content\/uploads\/2023\/01\/IMG_20230105_111741-1024x471.jpg\" alt=\"\" class=\"wp-image-2517\" srcset=\"https:\/\/www.sindikat-osoks90.si\/wp-content\/uploads\/2023\/01\/IMG_20230105_111741-1024x471.jpg 1024w, https:\/\/www.sindikat-osoks90.si\/wp-content\/uploads\/2023\/01\/IMG_20230105_111741-300x138.jpg 300w, https:\/\/www.sindikat-osoks90.si\/wp-content\/uploads\/2023\/01\/IMG_20230105_111741-768x353.jpg 768w, https:\/\/www.sindikat-osoks90.si\/wp-content\/uploads\/2023\/01\/IMG_20230105_111741-1536x707.jpg 1536w, https:\/\/www.sindikat-osoks90.si\/wp-content\/uploads\/2023\/01\/IMG_20230105_111741-2048x942.jpg 2048w\" sizes=\"auto, (max-width: 1024px) 100vw, 1024px\" \/><\/figure>\n\n\n\n<p><\/p>\n\n\n\n<figure class=\"wp-block-image size-large\"><img loading=\"lazy\" decoding=\"async\" width=\"1024\" height=\"471\" src=\"https:\/\/www.sindikat-osoks90.si\/wp-content\/uploads\/2023\/01\/IMG_20230105_110449-1024x471.jpg\" alt=\"\" class=\"wp-image-2518\" srcset=\"https:\/\/www.sindikat-osoks90.si\/wp-content\/uploads\/2023\/01\/IMG_20230105_110449-1024x471.jpg 1024w, https:\/\/www.sindikat-osoks90.si\/wp-content\/uploads\/2023\/01\/IMG_20230105_110449-300x138.jpg 300w, https:\/\/www.sindikat-osoks90.si\/wp-content\/uploads\/2023\/01\/IMG_20230105_110449-768x353.jpg 768w, https:\/\/www.sindikat-osoks90.si\/wp-content\/uploads\/2023\/01\/IMG_20230105_110449-1536x707.jpg 1536w, https:\/\/www.sindikat-osoks90.si\/wp-content\/uploads\/2023\/01\/IMG_20230105_110449-2048x942.jpg 2048w\" sizes=\"auto, (max-width: 1024px) 100vw, 1024px\" \/><\/figure>\n","protected":false},"excerpt":{"rendered":"<p>V \u010detrtek, dne 5. januarja 2023, je v prostorih Obalne sindikalne organizacije \u2013 KS 90 potekala skupna novinarska konferenca Obalne sindikalne organizacije &#8211; KS 90, Konfederacije sindikatov 90 Slovenije, Dru\u0161tva &#8230;<\/p>\n","protected":false},"author":2,"featured_media":2517,"comment_status":"closed","ping_status":"closed","sticky":false,"template":"","format":"standard","meta":{"ngg_post_thumbnail":0,"footnotes":""},"categories":[27,26],"tags":[],"class_list":["post-2516","post","type-post","status-publish","format-standard","has-post-thumbnail","hentry","category-medijske-objave","category-novice"],"_links":{"self":[{"href":"https:\/\/www.sindikat-osoks90.si\/index.php?rest_route=\/wp\/v2\/posts\/2516","targetHints":{"allow":["GET"]}}],"collection":[{"href":"https:\/\/www.sindikat-osoks90.si\/index.php?rest_route=\/wp\/v2\/posts"}],"about":[{"href":"https:\/\/www.sindikat-osoks90.si\/index.php?rest_route=\/wp\/v2\/types\/post"}],"author":[{"embeddable":true,"href":"https:\/\/www.sindikat-osoks90.si\/index.php?rest_route=\/wp\/v2\/users\/2"}],"replies":[{"embeddable":true,"href":"https:\/\/www.sindikat-osoks90.si\/index.php?rest_route=%2Fwp%2Fv2%2Fcomments&post=2516"}],"version-history":[{"count":4,"href":"https:\/\/www.sindikat-osoks90.si\/index.php?rest_route=\/wp\/v2\/posts\/2516\/revisions"}],"predecessor-version":[{"id":2523,"href":"https:\/\/www.sindikat-osoks90.si\/index.php?rest_route=\/wp\/v2\/posts\/2516\/revisions\/2523"}],"wp:featuredmedia":[{"embeddable":true,"href":"https:\/\/www.sindikat-osoks90.si\/index.php?rest_route=\/wp\/v2\/media\/2517"}],"wp:attachment":[{"href":"https:\/\/www.sindikat-osoks90.si\/index.php?rest_route=%2Fwp%2Fv2%2Fmedia&parent=2516"}],"wp:term":[{"taxonomy":"category","embeddable":true,"href":"https:\/\/www.sindikat-osoks90.si\/index.php?rest_route=%2Fwp%2Fv2%2Fcategories&post=2516"},{"taxonomy":"post_tag","embeddable":true,"href":"https:\/\/www.sindikat-osoks90.si\/index.php?rest_route=%2Fwp%2Fv2%2Ftags&post=2516"}],"curies":[{"name":"wp","href":"https:\/\/api.w.org\/{rel}","templated":true}]}}