{"id":2725,"date":"2023-11-28T08:14:12","date_gmt":"2023-11-28T07:14:12","guid":{"rendered":"https:\/\/www.sindikat-osoks90.si\/?p=2725"},"modified":"2024-01-05T09:30:00","modified_gmt":"2024-01-05T08:30:00","slug":"novi-predsednik-konfederacije-sindikatov-90-slovenije-postal-damjan-volf-ne-bomo-vec-statisti-v-neenakovrednem-socialnem-dialogu","status":"publish","type":"post","link":"https:\/\/www.sindikat-osoks90.si\/?p=2725","title":{"rendered":"Novi predsednik Konfederacije sindikatov 90 Slovenije postal Damjan Volf: \u00bbNe bomo ve\u010d statisti v neenakovrednem socialnem dialogu\u00ab"},"content":{"rendered":"\n<p>\u00bbNe \u017eelimo ve\u010d samo slediti drugim, ki \u017ee hodijo po prehojeni poti, temve\u010d \u017eelimo utirati pot, po kateri bodo drugi stopali z nami,\u00ab je ob izvolitvi za novega predsednika Konfederacije sindikatov 90 Slovenije, ene najve\u010djih sindikalnih central v Sloveniji, dejal novi predsednik Damjan Volf. Ta bo na \u010delu Konfederacije sindikatov 90 Slovenije (KS 90) nasledil Petra Majcna, ki jo je vodil zadnje tri mandate. Kongres, \u017ee osmi po vrsti, je potekal v Pokrajinskem muzeju Koper.<\/p>\n\n\n\n<p>\u00bbIzjemno sem ponosen, da smo danes v prostorih, kjer se je \u017ee pisala zgodovina, saj sem trdno prepri\u010dan, da danes pi\u0161emo novo poglavje sindikalnega gibanja za na\u0161e zanamce,\u00ab je ob tem dejal Volf. Kot prvo potezo novega vodstva je napovedal selitev sede\u017ea KS 90 iz Ljubljane v Koper, saj si delavstvo v slovenski Istri ob tako delovno intenzivnih panogah (logistika, turizem ipd.) zaslu\u017ei reprezentativno sindikalno konfederacijo na dr\u017eavni ravni v Kopru. Volf je poudaril, da je \u00bbdelavsko gibanje kot \u010dlove\u0161ko telo, po katerem se morajo informacije \u2013 kot po \u010dlove\u0161kem telesu kri \u2013 pretakati 24 ur na dan ter 365 dni v letu, in to v obe smeri. Prav tako je izjemno pomembno, da so glava, okon\u010dine in \u010dutila med seboj mo\u010dno in sinhrono povezani, saj je prav od njih odvisna prava mo\u010d delavskega gibanja.\u00ab Zato moramo biti po njegovem \u00bbpredstavniki delavcev bolj prisotni med delavstvom v podjetjih, javnih zavodih in povsod drugod, kjer delavci opravljajo svoje delo\u00ab. Po izvolitvi je poudaril, da bo novo vodstvo nemudoma pristopilo tako h krepitvi prisotnosti na terenu ter pove\u010danemu delu s \u010dlani in za \u010dlane sindikatov, kot tudi reorganizaciji delovanja KS 90 \u2013 vse z jasnim ciljem krepitve delavskega boja.<\/p>\n\n\n\n<p>Volf ob tem poudarja, da se morajo delavska gibanja izviti iz pasti neoliberalizma in \u00bbosvoboditi vseh meja, v katere nas na\u010drtno zapira kapital in prepogosto tudi politika\u00ab.Trend razbijanja sindikalne scene na majhne sindikate pa se mora, kot pravi Volf, umakniti trendu povezovanja in preseganja ozkih interesov posameznikov ali manj\u0161ih skupin.<\/p>\n\n\n\n<p>Drobljenje in pristajanje na parcialne interese se po Volfovih besedah najpogosteje ka\u017ee prav v socialnem dialogu, ki je postal bolj socialni monolog predstavnikov kapitala: \u00bbV preteklosti smo bili v socialnem dialogu prepogosto samo statisti. Ne smemo ve\u010d pristajati na barantanje, ki posledi\u010dno privede do tega, da na ra\u010dun drobtinic pristajamo na kr\u010denje delavskih pravic.\u00ab Neenakopraven socialni dialog se ne nazadnje opazi tudi v dejstvu, da krovna zakonodaja dopu\u0161\u010da kr\u010denje pravic delavcev s kolektivnimi pogodbami dejavnosti, pri katerih sindikati v preteklosti niso uspe\u0161no zagovarjali delavskih pravic.<\/p>\n\n\n\n<p>V svojem programu je Volf prvotno izpostavil, da smo pozabili, da brez dela ni kapitala, in je zato \u00bbdelu nujno treba vrniti \u010dast in oblast\u00ab.Za krepitev mo\u010di delavcev pa sta poleg dela na terenu klju\u010dnega pomena tudi delo z mladimi ter proaktivno izobra\u017eevanje in informiranje \u010dlanov, ki sta klju\u010dni podro\u010dji Volfovega programa, saj je to \u0161e en korak h krepitvi mo\u010di delavskega gibanja. Povezanost, enotnost in solidarnost pa so klju\u010dne za vse faze sindikalnega boja, zlasti za danes prepogosto zanemarjeno oro\u017eje sindikatov \u2013 stavko. \u00bbPrepri\u010dan sem, da je to na\u0161a najmo\u010dnej\u0161a mi\u0161ica, ki smo jo v preteklosti preve\u010d srame\u017eljivo uporabljali, zato moramo ponovno za\u010deti trenirati, da ne bo ta mi\u0161ica zakrnela \u2013 tako se zgodi z vsako mi\u0161ico v telesu, ki se je ne uporablja,\u00abje \u0161e dodal Volf.<\/p>\n\n\n\n<p>Damjan Volf je diplomirani in\u017eenir prometno-energetske tehnike. Poklicno je med drugim delal v podjetju Mehano (Izola) in nazadnje na Rde\u010dem Kri\u017eu Slovenije. Od leta 2010 je poklicni sindikalist v KS 90, leta 2016 pa je prvi\u010d postal generalni sekretar Obalne sindikalne organizacije \u2013 KS 90.<\/p>\n\n\n\n<p>Povezave do prispevkov:<\/p>\n\n\n\n<p><a href=\"https:\/\/365.rtvslo.si\/arhiv\/primorska-kronika\/175004499\" target=\"_blank\" rel=\"noreferrer noopener\">Primorska kronika<\/a> (od 1:08 dalje)<\/p>\n\n\n\n<p><a href=\"https:\/\/www.dnevnik.si\/1043038207\/slovenija\/damjan-volf-novi-predsednik-konfederacije-sindikatov-90-slovenije\" target=\"_blank\" rel=\"noreferrer noopener\">Dnevnik<\/a><\/p>\n\n\n\n<p><a href=\"https:\/\/primorske.svet24.si\/primorska\/istra\/vodenje-konfederacije-sindikatov-90-prevzel-damjan\" target=\"_blank\" rel=\"noreferrer noopener\">Primorske novice<\/a><\/p>\n\n\n\n<p><\/p>\n\n\n<div class=\"wp-block-image is-style-rounded\">\n<figure class=\"aligncenter size-large\"><img loading=\"lazy\" decoding=\"async\" width=\"576\" height=\"1024\" src=\"https:\/\/www.sindikat-osoks90.si\/wp-content\/uploads\/2023\/11\/Kongres-KS-90-1-576x1024.jpg\" alt=\"\" class=\"wp-image-2726\" srcset=\"https:\/\/www.sindikat-osoks90.si\/wp-content\/uploads\/2023\/11\/Kongres-KS-90-1-576x1024.jpg 576w, https:\/\/www.sindikat-osoks90.si\/wp-content\/uploads\/2023\/11\/Kongres-KS-90-1-169x300.jpg 169w, https:\/\/www.sindikat-osoks90.si\/wp-content\/uploads\/2023\/11\/Kongres-KS-90-1-768x1365.jpg 768w, https:\/\/www.sindikat-osoks90.si\/wp-content\/uploads\/2023\/11\/Kongres-KS-90-1.jpg 811w\" sizes=\"auto, (max-width: 576px) 100vw, 576px\" \/><\/figure>\n<\/div>\n\n\n<p><\/p>\n\n\n\n<p>Koper, 27. november 2023<\/p>\n","protected":false},"excerpt":{"rendered":"<p>\u00bbNe \u017eelimo ve\u010d samo slediti drugim, ki \u017ee hodijo po prehojeni poti, temve\u010d \u017eelimo utirati pot, po kateri bodo drugi stopali z nami,\u00ab je ob izvolitvi za novega predsednika Konfederacije &#8230;<\/p>\n","protected":false},"author":2,"featured_media":2727,"comment_status":"closed","ping_status":"closed","sticky":false,"template":"","format":"standard","meta":{"ngg_post_thumbnail":0,"footnotes":""},"categories":[27,26],"tags":[],"class_list":["post-2725","post","type-post","status-publish","format-standard","has-post-thumbnail","hentry","category-medijske-objave","category-novice"],"_links":{"self":[{"href":"https:\/\/www.sindikat-osoks90.si\/index.php?rest_route=\/wp\/v2\/posts\/2725","targetHints":{"allow":["GET"]}}],"collection":[{"href":"https:\/\/www.sindikat-osoks90.si\/index.php?rest_route=\/wp\/v2\/posts"}],"about":[{"href":"https:\/\/www.sindikat-osoks90.si\/index.php?rest_route=\/wp\/v2\/types\/post"}],"author":[{"embeddable":true,"href":"https:\/\/www.sindikat-osoks90.si\/index.php?rest_route=\/wp\/v2\/users\/2"}],"replies":[{"embeddable":true,"href":"https:\/\/www.sindikat-osoks90.si\/index.php?rest_route=%2Fwp%2Fv2%2Fcomments&post=2725"}],"version-history":[{"count":6,"href":"https:\/\/www.sindikat-osoks90.si\/index.php?rest_route=\/wp\/v2\/posts\/2725\/revisions"}],"predecessor-version":[{"id":2747,"href":"https:\/\/www.sindikat-osoks90.si\/index.php?rest_route=\/wp\/v2\/posts\/2725\/revisions\/2747"}],"wp:featuredmedia":[{"embeddable":true,"href":"https:\/\/www.sindikat-osoks90.si\/index.php?rest_route=\/wp\/v2\/media\/2727"}],"wp:attachment":[{"href":"https:\/\/www.sindikat-osoks90.si\/index.php?rest_route=%2Fwp%2Fv2%2Fmedia&parent=2725"}],"wp:term":[{"taxonomy":"category","embeddable":true,"href":"https:\/\/www.sindikat-osoks90.si\/index.php?rest_route=%2Fwp%2Fv2%2Fcategories&post=2725"},{"taxonomy":"post_tag","embeddable":true,"href":"https:\/\/www.sindikat-osoks90.si\/index.php?rest_route=%2Fwp%2Fv2%2Ftags&post=2725"}],"curies":[{"name":"wp","href":"https:\/\/api.w.org\/{rel}","templated":true}]}}