{"id":2812,"date":"2024-04-04T14:04:15","date_gmt":"2024-04-04T12:04:15","guid":{"rendered":"https:\/\/www.sindikat-osoks90.si\/?p=2812"},"modified":"2024-04-04T14:04:15","modified_gmt":"2024-04-04T12:04:15","slug":"damjan-volf-bo-se-stiri-leta-generalni-sekretar-obalne-sindikalne-organizacije-ks-90","status":"publish","type":"post","link":"https:\/\/www.sindikat-osoks90.si\/?p=2812","title":{"rendered":"Damjan Volf bo \u0161e \u0161tiri leta generalni sekretar Obalne sindikalne organizacije &#8211; KS 90"},"content":{"rendered":"\n<p><strong>\u00bbNe smemo ve\u010d nemo opazovati, da se izigravanje delovnopravne zakonodaje kr\u0161iteljem izpla\u010da ter da se izgube kapitala socializirajo, medtem ko se njihovi dobi\u010dki privatizirajo, ampak moramo delu vrniti \u010dast in oblast .\u00ab<\/strong><\/p>\n\n\n\n<p>\u00bbNe smemo ve\u010d pristajati na logiko slabih re\u0161itev in nadaljevanja sistema, ki temelji na razslojevanju in dru\u017ebeni neenakosti, ki je vir te\u017eav in nikakor del re\u0161itve, zato moramo okrepiti svojo povezanost, da delu vrnemo \u010dast in dostojanstvo\u00ab je ob izvolitvi dejal generalni sekretar Obalne sindikalne organizacije \u2013 KS 90 Damjan Volf, ki je bil imenovan za tretji zaporedni mandat. Delegati so na kongresu sprejeli tudi 5 resolucij, ki se doti\u010dejo tako \u00bbdelavske ustave\u00ab, pokojninskega zavarovanja, ohranitve javnega zdravstva in \u0161olstva, dolgotrajne oskrbe in krepitve mednarodnega sodelovanja.<\/p>\n\n\n\n<p><br>Delegati Obalne sindikalne organizacije &#8211; KS 90 so danes v izolskem Art Kinu Odeon odlo\u010dali o prihodnosti organizacije, ki \u017ee ve\u010d kot 34 let predstavlja oviro pohlepu kapitala in Damjanu Volfu izrekli zaupanje za nadaljnja \u0161tiri leta.<\/p>\n\n\n\n<p><br>Ob tem se je Volf zahvalil za zaupanje in izpostavil, da so v Obalni sindikalni organizaciji \u2013 KS 90 \u017ee v preteklosti dokazali, da se da s povezanostjo in prisotnostjo med delavstvom v delovnih organizacijah uspe\u0161no premakniti letvico dostojnega pla\u010dila in varnega delovnega okolja vi\u0161je kot \u010de se delavstvo prepu\u0161\u010da posami\u010dnim poskusom pogumnih posameznikov, ki jih delodajalec hitro zakonito ali nezakonito izlo\u010di iz delovne sredine. Zato mora Obalna sindikalna organizacija \u2013 KS 90 nadaljevati pot delavskega gibanja, ki temelji na odlo\u010dnem in strokovnem delavskem boju, ki ne popu\u0161\u010da pod pritiski kapitala in predstavljati \u0161e naprej delavstvo, ki \u017eeli dostojno \u017eiveti od svojega dela.<\/p>\n\n\n\n<p><br>\u00bbNesporne posledice trenutnega sistema so, da le ta ustvarja okolje, v katerem delavci tekmujejo eden z drugim in posledi\u010dno ostajajo prepogosto brez dostojnega pla\u010dila, varnega in zdravega delovnega okolja in skoraj nobenih mo\u017enosti urejenega dru\u017einskega \u017eivljenja. V Sloveniji potrebujemo trajnostno strategijo lastni\u0161tva na\u0161ih podjetij, strategijo, s katero bi dodano vrednost novih tehnologij usmerili \u0161iroko med slovensko populacijo, s katero bi zavarovali in odpirali nova kvalitetna delovna mesta z zavidljivo dodano vrednostjo. Potrebujemo strategijo, ki bo ponujala nove in prepri\u010dljive karierne prilo\u017enosti za mlade ter zagotavljala dostojnej\u0161a pla\u010dila za po\u0161teno opravljeno delo ter pokojnine, ki bodo omogo\u010dale \u010dloveku vredno in dostojno pre\u017eivljanje starosti.\u00ab<\/p>\n\n\n\n<p><br>Graditi gospodarstvo na delovno intenzivnih dejavnostih, ki temeljijo na nedostojnih osnovnih pla\u010dah, nezdravem in nevarnem delovnem okolju, ki imajo ob neustrezni organizaciji delovnega procesa, ki je v domeni izklju\u010dno delodajalcev, za posledico enormno \u0161tevilo bolni\u0161kih odsotnosti ter vedno ve\u010djo rev\u0161\u010dino, ni pravi poslovni model, ki bi si ga zaslu\u017eilo delavstvo v Republiki Sloveniji. Ob tem je Volf poudaril, da se zavzema za ni\u010delno stopnjo tolerance do kr\u0161iteljev delovnopravne zakonodaje, saj je kr\u0161itev delavskih pravic pogosto kr\u0161itev osnovnega \u010dlovekovega dostojanstva in da tukaj pogre\u0161a konkretnej\u0161o vlogo pristojnega In\u0161pektorata za delo, ki bi moral z odvra\u010dilnimi ukrepi kaznovati delodajalce od sistemskih kr\u0161itev delovnopravne zakonodaje, ki se jih poslu\u017eujejo.<\/p>\n\n\n\n<p><br>Volf je v svojem programu izpostavil pretekle akcije in dose\u017eke v Obalni sindikalni organizaciji, kjer so s prizadevnim delom in skupnimi akcijami uspe\u0161no re\u0161ili in izbolj\u0161ali pogoje za delo v marsikateri organizaciji ter prispevali pomemben dele\u017e k dostojni in bolj pravi\u010dni dru\u017ebi. Prav tako je izpostavil tudi kolektivne akcije v okviru Obalne sindikalne organizacije \u2013 KS 90, ki so poleg sprememb dodatno opolnomo\u010dile zaposlene, da se pri prizadevanju za kakovostno in varno delovno okolje ne zana\u0161ajo samo na zunanje dejavnike, ampak da stopijo skupaj in solidarno premagajo ovire.<\/p>\n\n\n\n<p><br>\u00bbPoskrbeti je potrebno za stabilno in predvsem varno in zdravo delovno okolje od za\u010detka poklicne kariere do dostojne upokojitve,\u00ab je po kongresu, \u0161e izpostavil Volf in dodal, da to pomeni vse od boja proti prekariatu za mlade, do prizadevanj za spo\u0161tovanje varnosti in zdravja pri delu, da lahko delavec po upokojitvi zaslu\u017eeno dostojno pre\u017eivlja svoje \u017eivljenje tudi z dostojno pokojnino. \u00bbNe moremo in ne smemo pristati na to, da se delavci po upokojitvi znajdejo na pragu rev\u0161\u010dine in telesno onemogli.\u00ab<\/p>\n\n\n\n<p><br>Ob tem je Volf izpostavil tudi prisotnost na terenu Obalne sindikalne organizacije \u2013 KS 90, kjer se skozi neposredne stike zazna trenutno najbolj pere\u010do problematiko, ki jo ob\u010dutijo zaposleni. V povezavi s sindikalno centralo Konfederacijo sindikatov 90 Slovenije pa se lahko te\u017eave, ki potrebujejo sistemske re\u0161itve, prenese tudi na dr\u017eavno raven sindikalnega dialoga. \u00bbTa neposreden stik od zaposlenih do centrov odlo\u010danja je najve\u010dja prednost Obalne sindikalne organizacije \u2013 KS 90,\u00ab je izpostavil Volf in dodal, da tako lahko naslavljajo dejanske te\u017eave in ne zabredejo v past, da je socialni dialog na koncu zgolj boj za \u00bbdrobtinice iz skupne mize.\u00ab<\/p>\n\n\n\n<p><br>Damjan Volf je diplomirani in\u017eenir prometno &#8211; energetske tehnike. Poklicno je med drugim delal v podjetju Mehano (Izola) in nazadnje na Rde\u010dem Kri\u017eu Slovenije. Od leta 2010 je poklicni sindikalist, leta 2016 pa je prvi\u010d postal generalni sekretar Obalne sindikalne organizacije \u2013 KS 90.<\/p>\n\n\n<div class=\"wp-block-image\">\n<figure class=\"aligncenter size-large is-resized\"><img loading=\"lazy\" decoding=\"async\" width=\"683\" height=\"1024\" src=\"https:\/\/www.sindikat-osoks90.si\/wp-content\/uploads\/2024\/04\/KS90_Alen_Vouk_-2-683x1024.jpg\" alt=\"\" class=\"wp-image-2813\" style=\"width:335px;height:auto\" srcset=\"https:\/\/www.sindikat-osoks90.si\/wp-content\/uploads\/2024\/04\/KS90_Alen_Vouk_-2-683x1024.jpg 683w, https:\/\/www.sindikat-osoks90.si\/wp-content\/uploads\/2024\/04\/KS90_Alen_Vouk_-2-200x300.jpg 200w, https:\/\/www.sindikat-osoks90.si\/wp-content\/uploads\/2024\/04\/KS90_Alen_Vouk_-2-768x1152.jpg 768w, https:\/\/www.sindikat-osoks90.si\/wp-content\/uploads\/2024\/04\/KS90_Alen_Vouk_-2-1024x1536.jpg 1024w, https:\/\/www.sindikat-osoks90.si\/wp-content\/uploads\/2024\/04\/KS90_Alen_Vouk_-2-1365x2048.jpg 1365w, https:\/\/www.sindikat-osoks90.si\/wp-content\/uploads\/2024\/04\/KS90_Alen_Vouk_-2-scaled.jpg 1707w\" sizes=\"auto, (max-width: 683px) 100vw, 683px\" \/><\/figure>\n<\/div>\n\n<div class=\"wp-block-image\">\n<figure class=\"aligncenter size-large is-resized\"><img loading=\"lazy\" decoding=\"async\" width=\"1024\" height=\"683\" src=\"https:\/\/www.sindikat-osoks90.si\/wp-content\/uploads\/2024\/04\/KS90_Alen_Vouk_-3-1024x683.jpg\" alt=\"\" class=\"wp-image-2814\" style=\"width:603px;height:auto\" srcset=\"https:\/\/www.sindikat-osoks90.si\/wp-content\/uploads\/2024\/04\/KS90_Alen_Vouk_-3-1024x683.jpg 1024w, https:\/\/www.sindikat-osoks90.si\/wp-content\/uploads\/2024\/04\/KS90_Alen_Vouk_-3-300x200.jpg 300w, https:\/\/www.sindikat-osoks90.si\/wp-content\/uploads\/2024\/04\/KS90_Alen_Vouk_-3-768x512.jpg 768w, https:\/\/www.sindikat-osoks90.si\/wp-content\/uploads\/2024\/04\/KS90_Alen_Vouk_-3-1536x1024.jpg 1536w, https:\/\/www.sindikat-osoks90.si\/wp-content\/uploads\/2024\/04\/KS90_Alen_Vouk_-3-2048x1365.jpg 2048w\" sizes=\"auto, (max-width: 1024px) 100vw, 1024px\" \/><\/figure>\n<\/div>\n\n\n<p class=\"has-text-align-center\">Avtor fotografij: Alen Vouk<\/p>\n\n\n\n<p class=\"has-text-align-center\">Izola, 4. april 2024<\/p>\n","protected":false},"excerpt":{"rendered":"<p>\u00bbNe smemo ve\u010d nemo opazovati, da se izigravanje delovnopravne zakonodaje kr\u0161iteljem izpla\u010da ter da se izgube kapitala socializirajo, medtem ko se njihovi dobi\u010dki privatizirajo, ampak moramo delu vrniti \u010dast in &#8230;<\/p>\n","protected":false},"author":2,"featured_media":2814,"comment_status":"closed","ping_status":"closed","sticky":false,"template":"","format":"standard","meta":{"ngg_post_thumbnail":0,"footnotes":""},"categories":[26],"tags":[],"class_list":["post-2812","post","type-post","status-publish","format-standard","has-post-thumbnail","hentry","category-novice"],"_links":{"self":[{"href":"https:\/\/www.sindikat-osoks90.si\/index.php?rest_route=\/wp\/v2\/posts\/2812","targetHints":{"allow":["GET"]}}],"collection":[{"href":"https:\/\/www.sindikat-osoks90.si\/index.php?rest_route=\/wp\/v2\/posts"}],"about":[{"href":"https:\/\/www.sindikat-osoks90.si\/index.php?rest_route=\/wp\/v2\/types\/post"}],"author":[{"embeddable":true,"href":"https:\/\/www.sindikat-osoks90.si\/index.php?rest_route=\/wp\/v2\/users\/2"}],"replies":[{"embeddable":true,"href":"https:\/\/www.sindikat-osoks90.si\/index.php?rest_route=%2Fwp%2Fv2%2Fcomments&post=2812"}],"version-history":[{"count":1,"href":"https:\/\/www.sindikat-osoks90.si\/index.php?rest_route=\/wp\/v2\/posts\/2812\/revisions"}],"predecessor-version":[{"id":2815,"href":"https:\/\/www.sindikat-osoks90.si\/index.php?rest_route=\/wp\/v2\/posts\/2812\/revisions\/2815"}],"wp:featuredmedia":[{"embeddable":true,"href":"https:\/\/www.sindikat-osoks90.si\/index.php?rest_route=\/wp\/v2\/media\/2814"}],"wp:attachment":[{"href":"https:\/\/www.sindikat-osoks90.si\/index.php?rest_route=%2Fwp%2Fv2%2Fmedia&parent=2812"}],"wp:term":[{"taxonomy":"category","embeddable":true,"href":"https:\/\/www.sindikat-osoks90.si\/index.php?rest_route=%2Fwp%2Fv2%2Fcategories&post=2812"},{"taxonomy":"post_tag","embeddable":true,"href":"https:\/\/www.sindikat-osoks90.si\/index.php?rest_route=%2Fwp%2Fv2%2Ftags&post=2812"}],"curies":[{"name":"wp","href":"https:\/\/api.w.org\/{rel}","templated":true}]}}