{"id":3366,"date":"2026-04-29T09:56:50","date_gmt":"2026-04-29T07:56:50","guid":{"rendered":"https:\/\/www.sindikat-osoks90.si\/?p=3366"},"modified":"2026-04-29T10:01:49","modified_gmt":"2026-04-29T08:01:49","slug":"vabilo-na-tradicionalno-prireditev-ob-mednarodnem-prazniku-dela-2","status":"publish","type":"post","link":"https:\/\/www.sindikat-osoks90.si\/?p=3366","title":{"rendered":"Vabilo na tradicionalno prireditev ob mednarodnem prazniku dela"},"content":{"rendered":"\n<p>Prireditev&nbsp;<strong>\u00bbPraznovanje praznika dela s kresovanjem na Markovcu\u00ab&nbsp;<\/strong>bo potekala po naslednjem programu:<\/p>\n\n\n\n<p><strong><u>V \u010detrtek 30. aprila 2026<\/u><\/strong>, bomo v po\u010dastitev\u00a0<strong>1. maja \u2013 mednarodnega praznika dela<\/strong>\u00a0pripravili \u017ee tradicionalno prireditev na predve\u010der 1. maja z zbirali\u0161\u010dem v koprski \u00bbTaverni\u00ab, od koder bodo pohodniki z baklami krenili do prizori\u0161\u010da, kjer bo organizirano osrednje kresovanje v slovenski Istri z \u017eivo glasbo (kresi\u0161\u010de ob O\u0160 Antona Ukmarja na Markovcu nad Koprom).<\/p>\n\n\n\n<p><strong>19:45<\/strong>&nbsp;zbiranje pohodnikov pred Taverno v Kopru,<\/p>\n\n\n\n<p><strong>20:15<\/strong>&nbsp;start pohodnikov z baklami ob spremljavi Pihalnega orkestra Marezige,<\/p>\n\n\n\n<p><strong>20:45<\/strong>&nbsp;prihod pohodnikov na kresi\u0161\u010de ob Osnovni \u0161oli Antona Ukmarja Koper s spremljavo Pihalnega orkestra Marezige,<\/p>\n\n\n\n<p><strong>20:45<\/strong>&nbsp;nagovor predsednika Konfederacije sindikatov 90 Slovenije Damjana Volfa,<\/p>\n\n\n\n<p><strong>20:50&nbsp;<\/strong>slavnostni pri\u017eig kresa ob spremljavi Pihalnega orkestra Marezige,<\/p>\n\n\n\n<p><strong>20:50 \u2013 24:00<\/strong>&nbsp;nastop glasbene skupine.<\/p>\n\n\n\n<p><strong>Vljudno vabljeni!<\/strong><\/p>\n\n\n\n<figure class=\"wp-block-image size-full\"><img loading=\"lazy\" decoding=\"async\" width=\"1024\" height=\"471\" src=\"https:\/\/www.sindikat-osoks90.si\/wp-content\/uploads\/2026\/04\/IMG_20240430_205238-1024x471-2.jpg\" alt=\"\" class=\"wp-image-3367\" srcset=\"https:\/\/www.sindikat-osoks90.si\/wp-content\/uploads\/2026\/04\/IMG_20240430_205238-1024x471-2.jpg 1024w, https:\/\/www.sindikat-osoks90.si\/wp-content\/uploads\/2026\/04\/IMG_20240430_205238-1024x471-2-300x138.jpg 300w, https:\/\/www.sindikat-osoks90.si\/wp-content\/uploads\/2026\/04\/IMG_20240430_205238-1024x471-2-768x353.jpg 768w\" sizes=\"auto, (max-width: 1024px) 100vw, 1024px\" \/><\/figure>\n","protected":false},"excerpt":{"rendered":"<p>Prireditev&nbsp;\u00bbPraznovanje praznika dela s kresovanjem na Markovcu\u00ab&nbsp;bo potekala po naslednjem programu: V \u010detrtek 30. aprila 2026, bomo v po\u010dastitev\u00a01. maja \u2013 mednarodnega praznika dela\u00a0pripravili \u017ee tradicionalno prireditev na predve\u010der 1. &#8230;<\/p>\n","protected":false},"author":2,"featured_media":3369,"comment_status":"open","ping_status":"open","sticky":false,"template":"","format":"standard","meta":{"ngg_post_thumbnail":0,"footnotes":""},"categories":[26],"tags":[],"class_list":["post-3366","post","type-post","status-publish","format-standard","has-post-thumbnail","hentry","category-novice"],"_links":{"self":[{"href":"https:\/\/www.sindikat-osoks90.si\/index.php?rest_route=\/wp\/v2\/posts\/3366","targetHints":{"allow":["GET"]}}],"collection":[{"href":"https:\/\/www.sindikat-osoks90.si\/index.php?rest_route=\/wp\/v2\/posts"}],"about":[{"href":"https:\/\/www.sindikat-osoks90.si\/index.php?rest_route=\/wp\/v2\/types\/post"}],"author":[{"embeddable":true,"href":"https:\/\/www.sindikat-osoks90.si\/index.php?rest_route=\/wp\/v2\/users\/2"}],"replies":[{"embeddable":true,"href":"https:\/\/www.sindikat-osoks90.si\/index.php?rest_route=%2Fwp%2Fv2%2Fcomments&post=3366"}],"version-history":[{"count":2,"href":"https:\/\/www.sindikat-osoks90.si\/index.php?rest_route=\/wp\/v2\/posts\/3366\/revisions"}],"predecessor-version":[{"id":3370,"href":"https:\/\/www.sindikat-osoks90.si\/index.php?rest_route=\/wp\/v2\/posts\/3366\/revisions\/3370"}],"wp:featuredmedia":[{"embeddable":true,"href":"https:\/\/www.sindikat-osoks90.si\/index.php?rest_route=\/wp\/v2\/media\/3369"}],"wp:attachment":[{"href":"https:\/\/www.sindikat-osoks90.si\/index.php?rest_route=%2Fwp%2Fv2%2Fmedia&parent=3366"}],"wp:term":[{"taxonomy":"category","embeddable":true,"href":"https:\/\/www.sindikat-osoks90.si\/index.php?rest_route=%2Fwp%2Fv2%2Fcategories&post=3366"},{"taxonomy":"post_tag","embeddable":true,"href":"https:\/\/www.sindikat-osoks90.si\/index.php?rest_route=%2Fwp%2Fv2%2Ftags&post=3366"}],"curies":[{"name":"wp","href":"https:\/\/api.w.org\/{rel}","templated":true}]}}