{"id":3548,"date":"2026-09-03T12:42:40","date_gmt":"2026-09-03T10:42:40","guid":{"rendered":"https:\/\/www.sindikat-osoks90.si\/?p=3548"},"modified":"2026-09-03T12:44:45","modified_gmt":"2026-09-03T10:44:45","slug":"javno-pismo-oso-ks-90-zascitimo-glas-primorske-in-mocno-regijsko-prisotnost-javne-rtv","status":"publish","type":"post","link":"https:\/\/www.sindikat-osoks90.si\/?p=3548","title":{"rendered":"Javno pismo OSO &#8211; KS 90: Za\u0161\u010ditimo glas Primorske in mo\u010dno regijsko prisotnost javne RTV!"},"content":{"rendered":"\n<p>V Obalni sindikalni organizaciji &#8211; KS 90 odlo\u010dno stopamo v bran zaposlenim Regionalnega RTV-centra Koper &#8211; Capodistria ter nasprotujemo novim rezom, ukinjanju regionalnih oddaj in centralizaciji javnega servisa RTV Slovenija. Od vodstva RTV Slovenija zahtevamo:<\/p>\n\n\n\n<ul class=\"wp-block-list\">\n<li><strong>Takoj\u0161en in vsebinski dialog<\/strong> z zaposlenimi ter pregledno predstavitev na\u010drtovanih sprememb.<\/li>\n\n\n\n<li><strong>Zaustavitev kr\u010denja regionalnih vsebin<\/strong>, kot so <em>Primorska kronika<\/em>, <em>Sprehodi<\/em> in vsebine za zamejske Slovence.<\/li>\n\n\n\n<li><strong>Ohranitev mo\u010dnih regionalnih centrov<\/strong>, ki so klju\u010dni za verodostojnost in \u0161irino javnega medija.<\/li>\n<\/ul>\n\n\n\n<p>Pozivamo vse Primorke in Primorce, lokalne skupnosti, \u017eupanje in \u017eupane ter civilno dru\u017ebo, da stopimo skupaj in za\u0161\u010ditimo pravico regije do lastnega glasu.<\/p>\n\n\n\n<p>Celotno besedilo javnega pisma si lahko preberete na prilo\u017eenem dokumentu.<\/p>\n\n\n\n<div data-wp-interactive=\"core\/file\" class=\"wp-block-file\"><object data-wp-bind--hidden=\"!state.hasPdfPreview\" hidden class=\"wp-block-file__embed\" data=\"https:\/\/www.sindikat-osoks90.si\/wp-content\/uploads\/2026\/09\/Javno_pismo-OSO-KS-90.pdf\" type=\"application\/pdf\" style=\"width:100%;height:600px\" aria-label=\"Vdelava Javno_pismo OSO - KS 90\"><\/object><a id=\"wp-block-file--media-ab41cb8d-08ce-4a52-96dd-c58186e63015\" href=\"https:\/\/www.sindikat-osoks90.si\/wp-content\/uploads\/2026\/09\/Javno_pismo-OSO-KS-90.pdf\">Javno_pismo OSO &#8211; KS 90<\/a><a href=\"https:\/\/www.sindikat-osoks90.si\/wp-content\/uploads\/2026\/09\/Javno_pismo-OSO-KS-90.pdf\" class=\"wp-block-file__button wp-element-button\" download aria-describedby=\"wp-block-file--media-ab41cb8d-08ce-4a52-96dd-c58186e63015\">Prenos<\/a><\/div>\n","protected":false},"excerpt":{"rendered":"<p>V Obalni sindikalni organizaciji &#8211; KS 90 odlo\u010dno stopamo v bran zaposlenim Regionalnega RTV-centra Koper &#8211; Capodistria ter nasprotujemo novim rezom, ukinjanju regionalnih oddaj in centralizaciji javnega servisa RTV Slovenija. &#8230;<\/p>\n","protected":false},"author":2,"featured_media":3551,"comment_status":"closed","ping_status":"closed","sticky":false,"template":"","format":"standard","meta":{"ngg_post_thumbnail":0,"footnotes":""},"categories":[26],"tags":[],"class_list":["post-3548","post","type-post","status-publish","format-standard","has-post-thumbnail","hentry","category-novice"],"_links":{"self":[{"href":"https:\/\/www.sindikat-osoks90.si\/index.php?rest_route=\/wp\/v2\/posts\/3548","targetHints":{"allow":["GET"]}}],"collection":[{"href":"https:\/\/www.sindikat-osoks90.si\/index.php?rest_route=\/wp\/v2\/posts"}],"about":[{"href":"https:\/\/www.sindikat-osoks90.si\/index.php?rest_route=\/wp\/v2\/types\/post"}],"author":[{"embeddable":true,"href":"https:\/\/www.sindikat-osoks90.si\/index.php?rest_route=\/wp\/v2\/users\/2"}],"replies":[{"embeddable":true,"href":"https:\/\/www.sindikat-osoks90.si\/index.php?rest_route=%2Fwp%2Fv2%2Fcomments&post=3548"}],"version-history":[{"count":3,"href":"https:\/\/www.sindikat-osoks90.si\/index.php?rest_route=\/wp\/v2\/posts\/3548\/revisions"}],"predecessor-version":[{"id":3553,"href":"https:\/\/www.sindikat-osoks90.si\/index.php?rest_route=\/wp\/v2\/posts\/3548\/revisions\/3553"}],"wp:featuredmedia":[{"embeddable":true,"href":"https:\/\/www.sindikat-osoks90.si\/index.php?rest_route=\/wp\/v2\/media\/3551"}],"wp:attachment":[{"href":"https:\/\/www.sindikat-osoks90.si\/index.php?rest_route=%2Fwp%2Fv2%2Fmedia&parent=3548"}],"wp:term":[{"taxonomy":"category","embeddable":true,"href":"https:\/\/www.sindikat-osoks90.si\/index.php?rest_route=%2Fwp%2Fv2%2Fcategories&post=3548"},{"taxonomy":"post_tag","embeddable":true,"href":"https:\/\/www.sindikat-osoks90.si\/index.php?rest_route=%2Fwp%2Fv2%2Ftags&post=3548"}],"curies":[{"name":"wp","href":"https:\/\/api.w.org\/{rel}","templated":true}]}}